{"id":6439,"date":"2021-06-16T15:18:29","date_gmt":"2021-06-16T13:18:29","guid":{"rendered":"https:\/\/stone4you.at\/unsere-natursteine-werden-digital\/"},"modified":"2024-07-17T11:36:01","modified_gmt":"2024-07-17T09:36:01","slug":"unsere-natursteine-werden-digital","status":"publish","type":"post","link":"https:\/\/www.stone4you.at\/cs\/unsere-natursteine-werden-digital\/","title":{"rendered":"Na\u0161e p\u0159\u00edrodn\u00ed kameny se st\u00e1vaj\u00ed digit\u00e1ln\u00edmi"},"content":{"rendered":"<div data-elementor-type=\"wp-post\" data-elementor-id=\"6439\" class=\"elementor elementor-6439\" data-elementor-post-type=\"post\">\n\t\t\t\t\t\t<section class=\"elementor-section elementor-top-section elementor-element elementor-element-18214cb2 elementor-section-boxed elementor-section-height-default elementor-section-height-default\" data-id=\"18214cb2\" data-element_type=\"section\">\n\t\t\t\t\t\t<div class=\"elementor-container elementor-column-gap-default\">\n\t\t\t\t\t<div class=\"elementor-column elementor-col-100 elementor-top-column elementor-element elementor-element-d507367\" data-id=\"d507367\" data-element_type=\"column\">\n\t\t\t<div class=\"elementor-widget-wrap elementor-element-populated\">\n\t\t\t\t\t\t<div class=\"elementor-element elementor-element-1db8cf11 elementor-widget elementor-widget-text-editor\" data-id=\"1db8cf11\" data-element_type=\"widget\" data-widget_type=\"text-editor.default\">\n\t\t\t\t<div class=\"elementor-widget-container\">\n\t\t\t\t\t\t\t\t\t<p><strong>V\u00e1\u017een\u00ed z\u00e1kazn\u00edci a obchodn\u00ed partne\u0159i!<\/strong><\/p>\n<p>Projekt digitalizace stone4you se um\u00edstil na 2. m\u00edst\u011b ve finan\u010dn\u00ed kampani digi4Wirtschaft po\u0159\u00e1dan\u00e9 spolkovou zem\u00ed Doln\u00ed Rakousko! S v\u00edce ne\u017e 1500 p\u0159ihl\u00e1\u0161en\u00fdmi projekty to byl pro spole\u010dnost z p\u0159\u00edrodn\u00edho kamene senza\u010dn\u00ed \u00fasp\u011bch.<\/p>\n<p><em><strong><a href=\"https:\/\/stone4you.at\/wp-content\/uploads\/2023\/08\/digi4wirtschaft-23032021_fur_webseite.jpg\"><img decoding=\"async\" class=\"alignnone\" src=\"https:\/\/stone4you.at\/wp-content\/uploads\/2023\/08\/digi4wirtschaft-23032021_fur_webseite.jpg\"><\/a><br>\n\u010cl\u00e1nek v Kronen Zeitung Nieder\u00f6sterreich<\/strong><\/em><\/p>\n<p>&nbsp;<\/p>\n<p><img fetchpriority=\"high\" decoding=\"async\" class=\"alignnone wp-image-7785 size-full\" src=\"https:\/\/stone4you.at\/wp-content\/uploads\/2023\/08\/digitalisierung_03-scaled.jpg\" alt=\"\" width=\"2640\" height=\"1874\"><strong><em>2. m\u00edsto pro stone4you: Sebastian Leeb (4. zleva) po slavnostn\u00edm p\u0159ed\u00e1n\u00ed cen v St. P\u00f6ltenu.<\/em><\/strong><\/p>\n<p>&nbsp;<\/p>\n<p>Kdo si mysl\u00ed, \u017ee kamenictv\u00ed je starom\u00f3dn\u00ed a zapr\u00e1\u0161en\u00e9, je\u0161t\u011b nevid\u011bl na\u0161e profesion\u00e1ly v oboru kamene p\u0159i pr\u00e1ci. Obrobky \u0159e\u017eeme na milimetr p\u0159esn\u011b pomoc\u00ed po\u010d\u00edta\u010dem \u0159\u00edzen\u00fdch stroj\u016f. Strukturu a barvu ka\u017ed\u00e9 surov\u00e9 desky zohled\u0148ujeme ji\u017e ve f\u00e1zi pl\u00e1nov\u00e1n\u00ed zak\u00e1zky. Kuchyn\u011b, koupelny a schodi\u0161t\u011b tak vznikaj\u00ed jako z jedn\u00e9 formy.<\/p>\n<p><img decoding=\"async\" class=\"aligncenter wp-image-7786 size-full\" src=\"https:\/\/stone4you.at\/wp-content\/uploads\/2023\/08\/digitalisierung_02.jpg\" alt=\"\" width=\"1440\" height=\"852\"><em><strong>Odpov\u00edd\u00e1 k\u00e1men dubov\u00e9mu pr\u016f\u010del\u00ed? S novou 3D vizualizac\u00ed od spole\u010dnosti stone4you to zjist\u00edte okam\u017eit\u011b.<\/strong><\/em><\/p>\n<p>&nbsp;<\/p>\n<p>D\u00edky interaktivn\u00ed 3D vizualizaci posouv\u00e1me pl\u00e1nov\u00e1n\u00ed v\u00fdroby o dal\u0161\u00ed stupe\u0148 v\u00fd\u0161: v bl\u00edzk\u00e9 budoucnosti si budete moci vybrat r\u016fzn\u00e9 druhy kamene z pohodl\u00ed domova a na obrazovce uvid\u00edte, kter\u00fd k\u00e1men se nejl\u00e9pe hod\u00ed do va\u0161\u00ed nov\u00e9 vysn\u011bn\u00e9 koupelny nebo kuchyn\u011b. Jakmile se do p\u0159\u00edrodn\u00edho kamene zamilujete, m\u016f\u017eete si jej samoz\u0159ejm\u011b prohl\u00e9dnout i osobn\u011b na na\u0161\u00ed velk\u00e9 v\u00fdstav\u011b materi\u00e1l\u016f v Hollabrunnu.<\/p>\n<p>&nbsp;<\/p>\n<h3>Zpr\u00e1va z region\u00e1ln\u00edho studia ORF Doln\u00ed Rakousko<\/h3>\n<p><a href=\"https:\/\/www.virtuelleshaus.at\/medien\/3d-steinplanung-digi4wirtschaft-projekt\" target=\"_blank\" rel=\"noopener\"><img decoding=\"async\" class=\"wp-image-7801 size-full aligncenter\" src=\"https:\/\/stone4you.at\/wp-content\/uploads\/2023\/08\/digitalisierung_01.png\" alt=\"\" width=\"1145\" height=\"645\"><\/a><\/p>\n<p>&nbsp;<\/p>\n<h3>Interaktivn\u00ed 3D vizualizace<\/h3>\n<p>V\u00fdb\u011br na Stone4you je obrovsk\u00fd. V na\u0161em showroomu o rozloze 10 000 m\u00b2 na v\u00e1s \u010dekaj\u00ed p\u0159\u00edrodn\u00ed kameny pro va\u0161e podlahy, schody a parapety. V letn\u00edch m\u011bs\u00edc\u00edch jsou hitem na\u0161e kameny pro baz\u00e9ny a terasy. Ka\u017ed\u00e1 deska je od p\u0159\u00edrody jedine\u010dn\u00e1 a m\u00e1 svou vlastn\u00ed strukturu. Nejkr\u00e1sn\u011bj\u0161\u00edch v\u00fdsledk\u016f dos\u00e1hnete, kdy\u017e vzor zohledn\u00edte ji\u017e p\u0159i pl\u00e1nov\u00e1n\u00ed kuchyn\u011b nebo koupelny, zejm\u00e9na u siln\u011b strukturovan\u00fdch odr\u016fd. Nejv\u011bt\u0161\u00ed v\u00fdzvou pro program\u00e1tory je digit\u00e1ln\u011b zachytit p\u0159\u00edrodn\u00ed rozmanitost kamen\u016f a zobrazit je fotorealisticky, vysv\u011btluje Sebastian Leeb, kter\u00fd m\u00e1 projekt digitalizace spu\u0161t\u011bn\u00fd v roce 2020 od sam\u00e9ho po\u010d\u00e1tku na starosti.<\/p>\n<p><strong>V\u00edce o projektu na <\/strong><a href=\"https:\/\/www.virtuelleshaus.at\/projekte\/interaktive-3d-visualisierung\" target=\"_blank\" rel=\"noopener\">Virtu\u00e1ln\u00ed d\u016fm - interaktivn\u00ed 3D vizualizace<\/a><\/p>\n<p>&nbsp;<\/p>\n<h3>Tradi\u010dn\u00ed design p\u00edsma<\/h3>\n<p>Zcela jin\u00e9 v\u00fdzvy p\u0159edstavoval workshop psan\u00ed p\u00edsma na ja\u0159e 2021 s mistrem kamen\u00edkem Josefem Haschem z Karnabrunnu. Sebastian Leeb a dal\u0161\u00ed \u00fa\u010dastn\u00edci se u\u010dili navrhovat n\u00e1pisy, kter\u00e9 pak vyryli do kamene. Na programu bylo kreslen\u00ed na pap\u00edr, p\u0159en\u00e1\u0161en\u00ed do kamene a tes\u00e1n\u00ed tradi\u010dn\u00edmi ru\u010dn\u00edmi n\u00e1stroji. Za vrcholnou discipl\u00ednu ryt\u00ed je pova\u017eov\u00e1no zlat\u00e9 p\u00edsmo, jeho\u017e dokonal\u00e9 proveden\u00ed vy\u017eaduje dlouholet\u00fd v\u00fdcvik. I to si \u00fa\u010dastn\u00edci procvi\u010dili.<\/p>\n<p><img loading=\"lazy\" decoding=\"async\" class=\"alignleft wp-image-7788\" src=\"https:\/\/stone4you.at\/wp-content\/uploads\/2023\/08\/schriftworkshop_01-683x1024.jpg\" alt=\"\" width=\"267\" height=\"400\"><img loading=\"lazy\" decoding=\"async\" class=\"wp-image-7789 alignleft\" src=\"https:\/\/stone4you.at\/wp-content\/uploads\/2023\/08\/schriftworkshop_02-683x1024.jpg\" alt=\"\" width=\"267\" height=\"400\"><img loading=\"lazy\" decoding=\"async\" class=\"wp-image-7787 alignleft\" src=\"https:\/\/stone4you.at\/wp-content\/uploads\/2023\/08\/schriftworkshop_03.jpg\" alt=\"\" width=\"600\" height=\"400\"><i style=\"font-size: small;\"><b><\/b><\/i><\/p>\n<p>&nbsp;<\/p>\n<p>&nbsp;<\/p>\n<p>&nbsp;<\/p>\n<p>&nbsp;<\/p>\n<p>&nbsp;<\/p>\n<p>&nbsp;<\/p>\n<p>&nbsp;<\/p>\n<p>&nbsp;<\/p>\n<p>&nbsp;<\/p>\n<p>&nbsp;<\/p>\n<p>&nbsp;<\/p>\n<p><em><strong>Tradi\u010dn\u00ed kamenictv\u00ed: semin\u00e1\u0159 o p\u00edsmu 2021 na stone4you v Hollabrunnu.<\/strong><\/em><\/p>\n<p>&nbsp;<\/p>\n<p>\"Pro m\u011b jako mlad\u00e9ho kamen\u00edka je cennou v\u00fdsadou, \u017ee se mohu u\u010dit tradi\u010dn\u00edmu \u0159emeslu od z\u00e1klad\u016f od zku\u0161en\u00fdch kamenick\u00fdch mistr\u016f. T\u011b\u0161\u00ed m\u011b tak\u00e9, \u017ee m\u016f\u017eeme p\u0159isp\u011bt k veden\u00ed kamen\u00edk\u016f do \u00e9ry digitalizace,\" shrnuje sv\u00e9 dojmy z digitaliza\u010dn\u00ed sout\u011b\u017ee a typov\u00e9ho workshopu Sebastian Leeb.<\/p>\n<p> <div class=\"brlbs-cmpnt-container brlbs-cmpnt-content-blocker brlbs-cmpnt-with-individual-styles\" data-borlabs-cookie-content-blocker-id=\"default\" data-borlabs-cookie-content=\"PGlmcmFtZSB0aXRsZT0iV29ya3Nob3AgU2NocmlmdCIgd2lkdGg9IjgwMCIgaGVpZ2h0PSI0NTAiIHNyYz0iaHR0cHM6Ly93d3cueW91dHViZS5jb20vZW1iZWQvMTNsQjNmV0pCMW8\/ZmVhdHVyZT1vZW1iZWQiIGZyYW1lYm9yZGVyPSIwIiBhbGxvdz0iYWNjZWxlcm9tZXRlcjsgYXV0b3BsYXk7IGNsaXBib2FyZC13cml0ZTsgZW5jcnlwdGVkLW1lZGlhOyBneXJvc2NvcGU7IHBpY3R1cmUtaW4tcGljdHVyZTsgd2ViLXNoYXJlIiBhbGxvd2Z1bGxzY3JlZW4+PC9pZnJhbWU+\"><div class=\"brlbs-cmpnt-cb-preset-a\"> <p class=\"brlbs-cmpnt-cb-description\">V sou\u010dasn\u00e9 dob\u011b se zobrazuje z\u00e1stupn\u00fd obsah <strong>Standardn\u00ed<\/strong>. Pro p\u0159\u00edstup k aktu\u00e1ln\u00edmu obsahu klikn\u011bte na tla\u010d\u00edtko n\u00ed\u017ee. Upozor\u0148ujeme, \u017ee \u00fadaje budou p\u0159ed\u00e1ny poskytovatel\u016fm t\u0159et\u00edch stran.<\/p> <div class=\"brlbs-cmpnt-cb-buttons\"> <a class=\"brlbs-cmpnt-cb-btn\" href=\"#\" data-borlabs-cookie-unblock role=\"button\">Odemknut\u00ed obsahu<\/a> <a class=\"brlbs-cmpnt-cb-btn\" href=\"#\" data-borlabs-cookie-accept-service role=\"button\" style=\"display: none\">P\u0159ijmout po\u017eadovanou slu\u017ebu a odblokovat obsah<\/a> <\/div> <a class=\"brlbs-cmpnt-cb-provider-toggle\" href=\"#\" data-borlabs-cookie-show-provider-information role=\"button\">Dal\u0161\u00ed informace<\/a> <\/div><\/div><\/p>\n<p>&nbsp;<\/p>\n<p>Matka p\u0159\u00edroda vytvo\u0159ila fascinuj\u00edc\u00ed \u0161k\u00e1lu r\u016fzn\u00fdch p\u0159\u00edrodn\u00edch kamen\u016f. Od syt\u011b \u010dern\u00e9 po nej\u010dist\u0161\u00ed b\u00edlou, od hladk\u00e9 po mra\u010dnou, od pruhovan\u00e9 po pr\u016fhlednou, v\u0161e je k dispozici v barv\u00e1ch a vzorech. Seznamte se s t\u00edmto fascinuj\u00edc\u00edm stavebn\u00edm materi\u00e1lem p\u0159i n\u00e1v\u0161t\u011bv\u011b showroomu v Hollabrunnu nebo nov\u011b navr\u017een\u00e9ho showroomu na v\u00edde\u0148sk\u00e9m Schottenringu. Va\u0161i poradci ze spole\u010dnosti stone4you v\u00e1m r\u00e1di p\u0159edvedou zn\u00e1mou klasiku, jako je carrarsk\u00fd mramor nebo v\u00e1penec z Jury, ale tak\u00e9 exkluzivn\u00ed kameny, jako je nap\u0159. <a href=\"\/cs\/kanfanar\/\">Canary<\/a> a inovace, jako je <a href=\"\/cs\/mein-lieblingsstein-patagonia\/\">Patagonia<\/a>. Ur\u010dit\u011b zde najdete sv\u016fj obl\u00edben\u00fd k\u00e1men.<\/p>\n<p>&nbsp;<\/p>\n<p>Bavte se p\u0159i objevov\u00e1n\u00ed<\/p>\n<p>Georg Leeb<\/p>\n<p>Zakladatel a \u0159editel spole\u010dnosti stone4you<\/p>\t\t\t\t\t\t\t\t<\/div>\n\t\t\t\t<\/div>\n\t\t\t\t\t<\/div>\n\t\t<\/div>\n\t\t\t\t\t<\/div>\n\t\t<\/section>\n\t\t\t\t<\/div>","protected":false},"excerpt":{"rendered":"<p>V\u00e1\u017een\u00ed z\u00e1kazn\u00edci a obchodn\u00ed partne\u0159i! Projekt digitalizace stone4you se um\u00edstil na 2. m\u00edst\u011b ve finan\u010dn\u00ed kampani digi4Wirtschaft po\u0159\u00e1dan\u00e9 spolkovou zem\u00ed Doln\u00ed Rakousko! Senza\u010dn\u00ed \u00fasp\u011bch pro firmu z p\u0159\u00edrodn\u00edho kamene, kter\u00e1 podala v\u00edce ne\u017e 1500 \u017e\u00e1dost\u00ed. \u010cl\u00e1nek v Kronen Zeitung Nieder\u00f6sterreich 2. m\u00edsto pro stone4you: Sebastian Leeb (4. zleva) po slavnostn\u00edm p\u0159ed\u00e1v\u00e1n\u00ed cen v St. P\u00f6ltenu.   Ka\u017ed\u00fd, kdo se domn\u00edv\u00e1, \u017ee kamenick\u00e1 firma [...]<\/p>","protected":false},"author":1,"featured_media":6503,"comment_status":"open","ping_status":"open","sticky":false,"template":"","format":"standard","meta":{"footnotes":""},"categories":[13],"tags":[],"class_list":["post-6439","post","type-post","status-publish","format-standard","has-post-thumbnail","hentry","category-news"],"_links":{"self":[{"href":"https:\/\/www.stone4you.at\/cs\/wp-json\/wp\/v2\/posts\/6439","targetHints":{"allow":["GET"]}}],"collection":[{"href":"https:\/\/www.stone4you.at\/cs\/wp-json\/wp\/v2\/posts"}],"about":[{"href":"https:\/\/www.stone4you.at\/cs\/wp-json\/wp\/v2\/types\/post"}],"author":[{"embeddable":true,"href":"https:\/\/www.stone4you.at\/cs\/wp-json\/wp\/v2\/users\/1"}],"replies":[{"embeddable":true,"href":"https:\/\/www.stone4you.at\/cs\/wp-json\/wp\/v2\/comments?post=6439"}],"version-history":[{"count":6,"href":"https:\/\/www.stone4you.at\/cs\/wp-json\/wp\/v2\/posts\/6439\/revisions"}],"predecessor-version":[{"id":11556,"href":"https:\/\/www.stone4you.at\/cs\/wp-json\/wp\/v2\/posts\/6439\/revisions\/11556"}],"wp:featuredmedia":[{"embeddable":true,"href":"https:\/\/www.stone4you.at\/cs\/wp-json\/wp\/v2\/media\/6503"}],"wp:attachment":[{"href":"https:\/\/www.stone4you.at\/cs\/wp-json\/wp\/v2\/media?parent=6439"}],"wp:term":[{"taxonomy":"category","embeddable":true,"href":"https:\/\/www.stone4you.at\/cs\/wp-json\/wp\/v2\/categories?post=6439"},{"taxonomy":"post_tag","embeddable":true,"href":"https:\/\/www.stone4you.at\/cs\/wp-json\/wp\/v2\/tags?post=6439"}],"curies":[{"name":"wp","href":"https:\/\/api.w.org\/{rel}","templated":true}]}}